{"id":8636,"date":"2022-06-01T03:16:00","date_gmt":"2022-06-01T01:16:00","guid":{"rendered":"https:\/\/greener.es\/wir-konstruieren-und-pflegen-aussenbereiche-fuer-menschen-mit-einer-grossen-inneren-welt\/"},"modified":"2022-06-29T10:44:40","modified_gmt":"2022-06-29T08:44:40","slug":"wir-konstruieren-und-pflegen-aussenbereiche-fuer-menschen-mit-einer-grossen-inneren-welt","status":"publish","type":"post","link":"https:\/\/greener.es\/de\/wir-konstruieren-und-pflegen-aussenbereiche-fuer-menschen-mit-einer-grossen-inneren-welt\/","title":{"rendered":"Wir konstruieren und pflegen Au\u00dfenbereiche f\u00fcr Menschen mit einer gro\u00dfen inneren Welt"},"content":{"rendered":"\n<p><\/p>\n\n<p>Sie lieben es, von Leben umgeben zu sein, die frische der Pflanzen, die k\u00fchle Brise im Gesicht und die Aromen der Blumen zu sp\u00fcren. Schlie\u00dflich ist die Natur der Ursprung des Menschen. Daher konstruieren und pflegen wir bei Greener die Au\u00dfenbereiche nicht nur: wir passen sie an jeden Kunden an. Denn wir wissen, dass alle Menschen, die die Natur lieben und sich f\u00fcr die Nachhaltigkeit eines Planten einsetzen, der gr\u00fcn sein sollte, eine gro\u00dfe innere Welt haben.<\/p>\n\n<h3 class=\"wp-block-heading\">Sie achten auf Ihr Zuhause von innen, lassen Sie es uns von au\u00dfen tun.<\/h3>\n\n<p>Wir m\u00f6chten Ihren Garten zu einem wahrhaft einzigartigen Raum machen, der Ihre Pers\u00f6nlichkeit und Ihre Lebensphilosophie widerspiegelt. Und daf\u00fcr verf\u00fcgen wir \u00fcber die besten Ressourcen: langj\u00e4hrige Erfahrung, die qualifiziertesten Fachleute und die innovativsten und effizientesten Werkzeuge. Dank diesen k\u00f6nnen wir Ihnen Projekte der Gestaltung und Pflege von Au\u00dfenbereichen anbieten, die die Umgebung und den Planeten respektieren. Dabei w\u00e4hlen wir die Pflanzenarten aus, die sich am besten an jeden Ort anpassen, und minimieren den Energieverbrauch.<\/p>\n\n<h5 class=\"wp-block-heading\"><img loading=\"lazy\" decoding=\"async\" class=\"aligncenter wp-image-8149 size-large\" src=\"https:\/\/greener.es\/wp-content\/uploads\/2018\/02\/60-RECURSOS-GREENER-82-1024x683.jpg\" alt=\"\" width=\"1024\" height=\"683\" srcset=\"https:\/\/greener.es\/wp-content\/uploads\/2018\/02\/60-RECURSOS-GREENER-82-1024x683.jpg 1024w, https:\/\/greener.es\/wp-content\/uploads\/2018\/02\/60-RECURSOS-GREENER-82-300x200.jpg 300w, https:\/\/greener.es\/wp-content\/uploads\/2018\/02\/60-RECURSOS-GREENER-82-768x512.jpg 768w, https:\/\/greener.es\/wp-content\/uploads\/2018\/02\/60-RECURSOS-GREENER-82-1536x1024.jpg 1536w, https:\/\/greener.es\/wp-content\/uploads\/2018\/02\/60-RECURSOS-GREENER-82-2048x1365.jpg 2048w\" sizes=\"auto, (max-width: 1024px) 100vw, 1024px\" \/><\/h5>\n\n<h3 class=\"wp-block-heading\">Eine Beziehung, die auf Vertrauen basiert<\/h3>\n\n<p>Wir m\u00f6chten Ihnen zeigen, dass Ihr Grundst\u00fcck bei uns in besten H\u00e4nden ist und Ihnen und Ihren Lieben ein Partner sein, der bereit ist, jenen Au\u00dfenbereich zu kreieren und zu pflegen, in dem Sie sich in jeder einzelnen Minute gut f\u00fchlen &#8211; jedes Mal, wenn Sie aus dem Fenster schauen, die Terrasse betreten, in den Pool eintauchen oder im Garten fr\u00fchst\u00fccken.<\/p>\n\n<h4 class=\"has-text-align-center wp-block-heading\">Stellen Sie uns auf die Probe &#8211; wir werden Ihnen beweisen, dass es einen Au\u00dfenbereich gibt, der perfekt in Ihre innere Welt passt.<\/h4>\n\n<p><\/p>\n\n<div class=\"wp-block-buttons is-layout-flex wp-block-buttons-is-layout-flex\">\n<div class=\"wp-block-button aligncenter\"><a class=\"wp-block-button__link\" href=\"https:\/\/greener.es\/de\/contact-uns\/\">Kontakt<\/a><\/div>\n<\/div>\n","protected":false},"excerpt":{"rendered":"<p>Sie lieben es, von Leben umgeben zu sein, die frische der Pflanzen, die k\u00fchle Brise im Gesicht und die Aromen der Blumen zu sp\u00fcren. Schlie\u00dflich ist die Natur der Ursprung des Menschen. Daher konstruieren und pflegen wir bei Greener die Au\u00dfenbereiche nicht nur: wir passen sie an jeden Kunden an. Denn wir wissen, dass alle [&hellip;]<\/p>\n","protected":false},"author":1,"featured_media":8391,"comment_status":"closed","ping_status":"closed","sticky":false,"template":"","format":"standard","meta":{"footnotes":""},"categories":[277,278,276,275],"tags":[],"class_list":["post-8636","post","type-post","status-publish","format-standard","has-post-thumbnail","hentry","category-garten","category-greener-de","category-nachhaltigkeit","category-umwelt"],"yoast_head":"<!-- This site is optimized with the Yoast SEO plugin v20.12 - https:\/\/yoast.com\/wordpress\/plugins\/seo\/ -->\n<title>Wir konstruieren und pflegen Au\u00dfenbereiche f\u00fcr Menschen mit einer gro\u00dfen inneren Welt | Greener, empresa de jardiner\u00eda en Mallorca<\/title>\n<meta name=\"robots\" content=\"index, follow, max-snippet:-1, max-image-preview:large, max-video-preview:-1\" \/>\n<link rel=\"canonical\" href=\"https:\/\/greener.es\/de\/wir-konstruieren-und-pflegen-aussenbereiche-fuer-menschen-mit-einer-grossen-inneren-welt\/\" \/>\n<meta property=\"og:locale\" content=\"de_DE\" \/>\n<meta property=\"og:type\" content=\"article\" \/>\n<meta property=\"og:title\" content=\"Wir konstruieren und pflegen Au\u00dfenbereiche f\u00fcr Menschen mit einer gro\u00dfen inneren Welt | Greener, empresa de jardiner\u00eda en Mallorca\" \/>\n<meta property=\"og:description\" content=\"Sie lieben es, von Leben umgeben zu sein, die frische der Pflanzen, die k\u00fchle Brise im Gesicht und die Aromen der Blumen zu sp\u00fcren. Schlie\u00dflich ist die Natur der Ursprung des Menschen. Daher konstruieren und pflegen wir bei Greener die Au\u00dfenbereiche nicht nur: wir passen sie an jeden Kunden an. Denn wir wissen, dass alle [&hellip;]\" \/>\n<meta property=\"og:url\" content=\"https:\/\/greener.es\/de\/wir-konstruieren-und-pflegen-aussenbereiche-fuer-menschen-mit-einer-grossen-inneren-welt\/\" \/>\n<meta property=\"og:site_name\" content=\"Greener, empresa de jardiner\u00eda en Mallorca\" \/>\n<meta property=\"article:published_time\" content=\"2022-06-01T01:16:00+00:00\" \/>\n<meta property=\"article:modified_time\" content=\"2022-06-29T08:44:40+00:00\" \/>\n<meta property=\"og:image\" content=\"https:\/\/greener.es\/wp-content\/uploads\/2022\/06\/01-Greener-contribuimos.jpg\" \/>\n\t<meta property=\"og:image:width\" content=\"870\" \/>\n\t<meta property=\"og:image:height\" content=\"550\" \/>\n\t<meta property=\"og:image:type\" content=\"image\/jpeg\" \/>\n<meta name=\"author\" content=\"greener-rwadmin\" \/>\n<meta name=\"twitter:card\" content=\"summary_large_image\" \/>\n<meta name=\"twitter:label1\" content=\"Verfasst von\" \/>\n\t<meta name=\"twitter:data1\" content=\"greener-rwadmin\" \/>\n\t<meta name=\"twitter:label2\" content=\"Gesch\u00e4tzte Lesezeit\" \/>\n\t<meta name=\"twitter:data2\" content=\"1\u00a0Minute\" \/>\n<script type=\"application\/ld+json\" class=\"yoast-schema-graph\">{\"@context\":\"https:\/\/schema.org\",\"@graph\":[{\"@type\":\"Article\",\"@id\":\"https:\/\/greener.es\/de\/wir-konstruieren-und-pflegen-aussenbereiche-fuer-menschen-mit-einer-grossen-inneren-welt\/#article\",\"isPartOf\":{\"@id\":\"https:\/\/greener.es\/de\/wir-konstruieren-und-pflegen-aussenbereiche-fuer-menschen-mit-einer-grossen-inneren-welt\/\"},\"author\":{\"name\":\"greener-rwadmin\",\"@id\":\"https:\/\/greener.es\/de\/#\/schema\/person\/3d734d40a14b38e9cde7e74a1744deaf\"},\"headline\":\"Wir konstruieren und pflegen Au\u00dfenbereiche f\u00fcr Menschen mit einer gro\u00dfen inneren Welt\",\"datePublished\":\"2022-06-01T01:16:00+00:00\",\"dateModified\":\"2022-06-29T08:44:40+00:00\",\"mainEntityOfPage\":{\"@id\":\"https:\/\/greener.es\/de\/wir-konstruieren-und-pflegen-aussenbereiche-fuer-menschen-mit-einer-grossen-inneren-welt\/\"},\"wordCount\":295,\"publisher\":{\"@id\":\"https:\/\/greener.es\/de\/#organization\"},\"articleSection\":[\"G\u00e4rten\",\"Greener\",\"Nachhaltigkeit\",\"Umwelt\"],\"inLanguage\":\"de\"},{\"@type\":\"WebPage\",\"@id\":\"https:\/\/greener.es\/de\/wir-konstruieren-und-pflegen-aussenbereiche-fuer-menschen-mit-einer-grossen-inneren-welt\/\",\"url\":\"https:\/\/greener.es\/de\/wir-konstruieren-und-pflegen-aussenbereiche-fuer-menschen-mit-einer-grossen-inneren-welt\/\",\"name\":\"Wir konstruieren und pflegen Au\u00dfenbereiche f\u00fcr Menschen mit einer gro\u00dfen inneren Welt | Greener, empresa de jardiner\u00eda en Mallorca\",\"isPartOf\":{\"@id\":\"https:\/\/greener.es\/de\/#website\"},\"datePublished\":\"2022-06-01T01:16:00+00:00\",\"dateModified\":\"2022-06-29T08:44:40+00:00\",\"breadcrumb\":{\"@id\":\"https:\/\/greener.es\/de\/wir-konstruieren-und-pflegen-aussenbereiche-fuer-menschen-mit-einer-grossen-inneren-welt\/#breadcrumb\"},\"inLanguage\":\"de\",\"potentialAction\":[{\"@type\":\"ReadAction\",\"target\":[\"https:\/\/greener.es\/de\/wir-konstruieren-und-pflegen-aussenbereiche-fuer-menschen-mit-einer-grossen-inneren-welt\/\"]}]},{\"@type\":\"BreadcrumbList\",\"@id\":\"https:\/\/greener.es\/de\/wir-konstruieren-und-pflegen-aussenbereiche-fuer-menschen-mit-einer-grossen-inneren-welt\/#breadcrumb\",\"itemListElement\":[{\"@type\":\"ListItem\",\"position\":1,\"name\":\"Portada\",\"item\":\"https:\/\/greener.es\/de\/startseite\/\"},{\"@type\":\"ListItem\",\"position\":2,\"name\":\"Wir konstruieren und pflegen Au\u00dfenbereiche f\u00fcr Menschen mit einer gro\u00dfen inneren Welt\"}]},{\"@type\":\"WebSite\",\"@id\":\"https:\/\/greener.es\/de\/#website\",\"url\":\"https:\/\/greener.es\/de\/\",\"name\":\"Greener, empresa de jardiner\u00eda en Mallorca\",\"description\":\"Greener, empresa de jardiner\u00eda en Mallorca\",\"publisher\":{\"@id\":\"https:\/\/greener.es\/de\/#organization\"},\"potentialAction\":[{\"@type\":\"SearchAction\",\"target\":{\"@type\":\"EntryPoint\",\"urlTemplate\":\"https:\/\/greener.es\/de\/?s={search_term_string}\"},\"query-input\":\"required name=search_term_string\"}],\"inLanguage\":\"de\"},{\"@type\":\"Organization\",\"@id\":\"https:\/\/greener.es\/de\/#organization\",\"name\":\"Greener\",\"url\":\"https:\/\/greener.es\/de\/\",\"logo\":{\"@type\":\"ImageObject\",\"inLanguage\":\"de\",\"@id\":\"https:\/\/greener.es\/de\/#\/schema\/logo\/image\/\",\"url\":\"https:\/\/greener.es\/wp-content\/uploads\/2022\/04\/greener-logo-bk-img.png\",\"contentUrl\":\"https:\/\/greener.es\/wp-content\/uploads\/2022\/04\/greener-logo-bk-img.png\",\"width\":298,\"height\":70,\"caption\":\"Greener\"},\"image\":{\"@id\":\"https:\/\/greener.es\/de\/#\/schema\/logo\/image\/\"}},{\"@type\":\"Person\",\"@id\":\"https:\/\/greener.es\/de\/#\/schema\/person\/3d734d40a14b38e9cde7e74a1744deaf\",\"name\":\"greener-rwadmin\",\"image\":{\"@type\":\"ImageObject\",\"inLanguage\":\"de\",\"@id\":\"https:\/\/greener.es\/de\/#\/schema\/person\/image\/\",\"url\":\"https:\/\/secure.gravatar.com\/avatar\/89d23327846c31e74c280d4ed4a996d27611d1a9c0e3b329e2328540b63545d6?s=96&d=mm&r=g\",\"contentUrl\":\"https:\/\/secure.gravatar.com\/avatar\/89d23327846c31e74c280d4ed4a996d27611d1a9c0e3b329e2328540b63545d6?s=96&d=mm&r=g\",\"caption\":\"greener-rwadmin\"},\"sameAs\":[\"https:\/\/greener.es\/\"],\"url\":\"https:\/\/greener.es\/de\/author\/greener-rwadmin\/\"}]}<\/script>\n<!-- \/ Yoast SEO plugin. -->","yoast_head_json":{"title":"Wir konstruieren und pflegen Au\u00dfenbereiche f\u00fcr Menschen mit einer gro\u00dfen inneren Welt | Greener, empresa de jardiner\u00eda en Mallorca","robots":{"index":"index","follow":"follow","max-snippet":"max-snippet:-1","max-image-preview":"max-image-preview:large","max-video-preview":"max-video-preview:-1"},"canonical":"https:\/\/greener.es\/de\/wir-konstruieren-und-pflegen-aussenbereiche-fuer-menschen-mit-einer-grossen-inneren-welt\/","og_locale":"de_DE","og_type":"article","og_title":"Wir konstruieren und pflegen Au\u00dfenbereiche f\u00fcr Menschen mit einer gro\u00dfen inneren Welt | Greener, empresa de jardiner\u00eda en Mallorca","og_description":"Sie lieben es, von Leben umgeben zu sein, die frische der Pflanzen, die k\u00fchle Brise im Gesicht und die Aromen der Blumen zu sp\u00fcren. Schlie\u00dflich ist die Natur der Ursprung des Menschen. Daher konstruieren und pflegen wir bei Greener die Au\u00dfenbereiche nicht nur: wir passen sie an jeden Kunden an. Denn wir wissen, dass alle [&hellip;]","og_url":"https:\/\/greener.es\/de\/wir-konstruieren-und-pflegen-aussenbereiche-fuer-menschen-mit-einer-grossen-inneren-welt\/","og_site_name":"Greener, empresa de jardiner\u00eda en Mallorca","article_published_time":"2022-06-01T01:16:00+00:00","article_modified_time":"2022-06-29T08:44:40+00:00","og_image":[{"width":870,"height":550,"url":"https:\/\/greener.es\/wp-content\/uploads\/2022\/06\/01-Greener-contribuimos.jpg","type":"image\/jpeg"}],"author":"greener-rwadmin","twitter_card":"summary_large_image","twitter_misc":{"Verfasst von":"greener-rwadmin","Gesch\u00e4tzte Lesezeit":"1\u00a0Minute"},"schema":{"@context":"https:\/\/schema.org","@graph":[{"@type":"Article","@id":"https:\/\/greener.es\/de\/wir-konstruieren-und-pflegen-aussenbereiche-fuer-menschen-mit-einer-grossen-inneren-welt\/#article","isPartOf":{"@id":"https:\/\/greener.es\/de\/wir-konstruieren-und-pflegen-aussenbereiche-fuer-menschen-mit-einer-grossen-inneren-welt\/"},"author":{"name":"greener-rwadmin","@id":"https:\/\/greener.es\/de\/#\/schema\/person\/3d734d40a14b38e9cde7e74a1744deaf"},"headline":"Wir konstruieren und pflegen Au\u00dfenbereiche f\u00fcr Menschen mit einer gro\u00dfen inneren Welt","datePublished":"2022-06-01T01:16:00+00:00","dateModified":"2022-06-29T08:44:40+00:00","mainEntityOfPage":{"@id":"https:\/\/greener.es\/de\/wir-konstruieren-und-pflegen-aussenbereiche-fuer-menschen-mit-einer-grossen-inneren-welt\/"},"wordCount":295,"publisher":{"@id":"https:\/\/greener.es\/de\/#organization"},"articleSection":["G\u00e4rten","Greener","Nachhaltigkeit","Umwelt"],"inLanguage":"de"},{"@type":"WebPage","@id":"https:\/\/greener.es\/de\/wir-konstruieren-und-pflegen-aussenbereiche-fuer-menschen-mit-einer-grossen-inneren-welt\/","url":"https:\/\/greener.es\/de\/wir-konstruieren-und-pflegen-aussenbereiche-fuer-menschen-mit-einer-grossen-inneren-welt\/","name":"Wir konstruieren und pflegen Au\u00dfenbereiche f\u00fcr Menschen mit einer gro\u00dfen inneren Welt | Greener, empresa de jardiner\u00eda en Mallorca","isPartOf":{"@id":"https:\/\/greener.es\/de\/#website"},"datePublished":"2022-06-01T01:16:00+00:00","dateModified":"2022-06-29T08:44:40+00:00","breadcrumb":{"@id":"https:\/\/greener.es\/de\/wir-konstruieren-und-pflegen-aussenbereiche-fuer-menschen-mit-einer-grossen-inneren-welt\/#breadcrumb"},"inLanguage":"de","potentialAction":[{"@type":"ReadAction","target":["https:\/\/greener.es\/de\/wir-konstruieren-und-pflegen-aussenbereiche-fuer-menschen-mit-einer-grossen-inneren-welt\/"]}]},{"@type":"BreadcrumbList","@id":"https:\/\/greener.es\/de\/wir-konstruieren-und-pflegen-aussenbereiche-fuer-menschen-mit-einer-grossen-inneren-welt\/#breadcrumb","itemListElement":[{"@type":"ListItem","position":1,"name":"Portada","item":"https:\/\/greener.es\/de\/startseite\/"},{"@type":"ListItem","position":2,"name":"Wir konstruieren und pflegen Au\u00dfenbereiche f\u00fcr Menschen mit einer gro\u00dfen inneren Welt"}]},{"@type":"WebSite","@id":"https:\/\/greener.es\/de\/#website","url":"https:\/\/greener.es\/de\/","name":"Greener, empresa de jardiner\u00eda en Mallorca","description":"Greener, empresa de jardiner\u00eda en Mallorca","publisher":{"@id":"https:\/\/greener.es\/de\/#organization"},"potentialAction":[{"@type":"SearchAction","target":{"@type":"EntryPoint","urlTemplate":"https:\/\/greener.es\/de\/?s={search_term_string}"},"query-input":"required name=search_term_string"}],"inLanguage":"de"},{"@type":"Organization","@id":"https:\/\/greener.es\/de\/#organization","name":"Greener","url":"https:\/\/greener.es\/de\/","logo":{"@type":"ImageObject","inLanguage":"de","@id":"https:\/\/greener.es\/de\/#\/schema\/logo\/image\/","url":"https:\/\/greener.es\/wp-content\/uploads\/2022\/04\/greener-logo-bk-img.png","contentUrl":"https:\/\/greener.es\/wp-content\/uploads\/2022\/04\/greener-logo-bk-img.png","width":298,"height":70,"caption":"Greener"},"image":{"@id":"https:\/\/greener.es\/de\/#\/schema\/logo\/image\/"}},{"@type":"Person","@id":"https:\/\/greener.es\/de\/#\/schema\/person\/3d734d40a14b38e9cde7e74a1744deaf","name":"greener-rwadmin","image":{"@type":"ImageObject","inLanguage":"de","@id":"https:\/\/greener.es\/de\/#\/schema\/person\/image\/","url":"https:\/\/secure.gravatar.com\/avatar\/89d23327846c31e74c280d4ed4a996d27611d1a9c0e3b329e2328540b63545d6?s=96&d=mm&r=g","contentUrl":"https:\/\/secure.gravatar.com\/avatar\/89d23327846c31e74c280d4ed4a996d27611d1a9c0e3b329e2328540b63545d6?s=96&d=mm&r=g","caption":"greener-rwadmin"},"sameAs":["https:\/\/greener.es\/"],"url":"https:\/\/greener.es\/de\/author\/greener-rwadmin\/"}]}},"_links":{"self":[{"href":"https:\/\/greener.es\/de\/wp-json\/wp\/v2\/posts\/8636","targetHints":{"allow":["GET"]}}],"collection":[{"href":"https:\/\/greener.es\/de\/wp-json\/wp\/v2\/posts"}],"about":[{"href":"https:\/\/greener.es\/de\/wp-json\/wp\/v2\/types\/post"}],"author":[{"embeddable":true,"href":"https:\/\/greener.es\/de\/wp-json\/wp\/v2\/users\/1"}],"replies":[{"embeddable":true,"href":"https:\/\/greener.es\/de\/wp-json\/wp\/v2\/comments?post=8636"}],"version-history":[{"count":1,"href":"https:\/\/greener.es\/de\/wp-json\/wp\/v2\/posts\/8636\/revisions"}],"predecessor-version":[{"id":8637,"href":"https:\/\/greener.es\/de\/wp-json\/wp\/v2\/posts\/8636\/revisions\/8637"}],"wp:featuredmedia":[{"embeddable":true,"href":"https:\/\/greener.es\/de\/wp-json\/wp\/v2\/media\/8391"}],"wp:attachment":[{"href":"https:\/\/greener.es\/de\/wp-json\/wp\/v2\/media?parent=8636"}],"wp:term":[{"taxonomy":"category","embeddable":true,"href":"https:\/\/greener.es\/de\/wp-json\/wp\/v2\/categories?post=8636"},{"taxonomy":"post_tag","embeddable":true,"href":"https:\/\/greener.es\/de\/wp-json\/wp\/v2\/tags?post=8636"}],"curies":[{"name":"wp","href":"https:\/\/api.w.org\/{rel}","templated":true}]}}